{"id":13182,"date":"2026-04-30T08:41:09","date_gmt":"2026-04-30T06:41:09","guid":{"rendered":"https:\/\/ipma.rs\/national-project-management-championship-pmc-2026-2\/"},"modified":"2026-04-30T08:49:40","modified_gmt":"2026-04-30T06:49:40","slug":"national-pm-championship-pmc-2026","status":"publish","type":"post","link":"https:\/\/ipma.rs\/en\/national-pm-championship-pmc-2026\/","title":{"rendered":"National Project Management Championship PMC 2026"},"content":{"rendered":"<p>The team from the Faculty of Organizational Sciences, University of Belgrade that will represent Serbia this year at the International Project Management Championship final in Athens consists of Jana Ceki\u0107, Du\u0161an Deli\u0107, and Stevan Kuli\u0107.<\/p>\n<p><img decoding=\"async\" class=\"aligncenter wp-image-13167 size-full\" src=\"https:\/\/ipma.rs\/wp-content\/uploads\/2026\/04\/image-01.jpg\" alt=\"\" width=\"381\" height=\"367\" srcset=\"https:\/\/ipma.rs\/wp-content\/uploads\/2026\/04\/image-01.jpg 381w, https:\/\/ipma.rs\/wp-content\/uploads\/2026\/04\/image-01-300x289.jpg 300w\" sizes=\"(max-width: 381px) 100vw, 381px\" \/><\/p>\n<p>The 11th National Project Management Championship PMC 2026 was held on Saturday, April 25, 2026, at Prostor Miljenko Dereta. Seven top teams from the qualification round were tasked with solving a case study.<\/p>\n<p>The official opening was marked by a speech from Vladana Stepanovi\u0107, President of IPMA Young Crew Serbia, who emphasized the importance of project management for future generations. The competitors were also addressed by Marija \u0106osovi\u0107, this year\u2019s project manager of the competition. We also had the great pleasure of hearing from \u017deljko Marinkovi\u0107, a member of the winning team of the 10th National Championship, who shared his experience from the International competition in Florence and wished all participants success both in the National and International finals.<\/p>\n<p>A total of seven teams from the Faculty of Organizational Sciences and the Faculty of Civil Engineering participated in the final, demonstrating a wide range of knowledge and skills in project management. Their task was to solve a case study and present their solutions before an expert jury.<\/p>\n<p>Second place was won by Team 2 \u2014 Sta\u0161a Pileti\u0107, Ana Obradovi\u0107, Luka Stojakovi\u0107, and Lazar Stojakovi\u0107 from the Faculty of Organizational Sciences \u2014 whose members achieved outstanding results.<\/p>\n<p><img decoding=\"async\" class=\"aligncenter wp-image-13171 size-full\" src=\"https:\/\/ipma.rs\/wp-content\/uploads\/2026\/04\/image-02.jpg\" alt=\"\" width=\"282\" height=\"251\" \/><\/p>\n<p>Third place went to Team 1 \u2014 Veljko Vu\u010deti\u0107, Tijana Miri\u0107, Emina Esati, and Petar Jovanovi\u0107 from the same faculty \u2014 showcasing a high level of competitive spirit and professionalism.<\/p>\n<p><img decoding=\"async\" class=\"aligncenter wp-image-13169 size-full\" src=\"https:\/\/ipma.rs\/wp-content\/uploads\/2026\/04\/image-03.jpg\" alt=\"\" width=\"247\" height=\"253\" \/><\/p>\n<p>We would like to sincerely thank all participants for their effort and dedication, and congratulate them on their excellent results. Special congratulations go to the winning team, which will represent Serbia at the International Project Management Championship in Athens.<\/p>\n<p>We also extend our deep gratitude to our judges, who had the challenging task of selecting the winner: Mina Guti\u0107 (Ernst &amp; Young), Milo\u0161 Kozomara (Director of the Institute for Management and Innovation), and Vladana Stepanovi\u0107 (IPMA Young Crew Serbia and IPMA Global Awards Office).<\/p>\n<p><img decoding=\"async\" class=\"wp-image-13173 size-full aligncenter\" src=\"https:\/\/ipma.rs\/wp-content\/uploads\/2026\/04\/image-04.jpg\" alt=\"\" width=\"402\" height=\"365\" srcset=\"https:\/\/ipma.rs\/wp-content\/uploads\/2026\/04\/image-04.jpg 402w, https:\/\/ipma.rs\/wp-content\/uploads\/2026\/04\/image-04-300x272.jpg 300w\" sizes=\"(max-width: 402px) 100vw, 402px\" \/><\/p>\n<p>Special thanks go to our partners who supported PMC 2026 \u2014 Ernst &amp; Young, the silver partner of the National Championship \u2014 as well as our product partners Nestl\u00e9, Doma\u0107e kiflice, Winery \u201c100 \u017eena,\u201d and Tonkovi\u0107 Winery. We are also grateful to our prize partners X-cert, the Institute for Management and Innovation, Oxford Academy, Kampster courses, the National Museum, Gifty, the quiz \u201cJedan smo tim,\u201d You Dance school, and the pub quiz Egzibicija.<\/p>\n<p>We also thank our media partners, without whom this success would not have been possible, as well as Prostor Miljenko Dereta for enabling the realization of the competition.<\/p>\n<p>We invite everyone interested to follow the success of our team that qualified for the International Final in Athens, becoming part of an inspiring community that promotes excellence in project management.<\/p>\n<p><img decoding=\"async\" class=\"wp-image-13175 size-full aligncenter\" src=\"https:\/\/ipma.rs\/wp-content\/uploads\/2026\/04\/image-05.jpg\" alt=\"\" width=\"559\" height=\"325\" srcset=\"https:\/\/ipma.rs\/wp-content\/uploads\/2026\/04\/image-05.jpg 559w, https:\/\/ipma.rs\/wp-content\/uploads\/2026\/04\/image-05-300x174.jpg 300w\" sizes=\"(max-width: 559px) 100vw, 559px\" \/><\/p>\n","protected":false},"excerpt":{"rendered":"<p>The team from the Faculty of Organizational Sciences, University of Belgrade that will represent Serbia this year at the International Project Management Championship final in Athens consists of Jana Ceki\u0107, Du\u0161an Deli\u0107, and Stevan Kuli\u0107. The 11th National Project Management Championship PMC 2026 was held&#8230;<\/p>\n","protected":false},"author":18,"featured_media":13166,"comment_status":"closed","ping_status":"open","sticky":false,"template":"","format":"standard","meta":{"_monsterinsights_skip_tracking":false,"_monsterinsights_sitenote_active":false,"_monsterinsights_sitenote_note":"","_monsterinsights_sitenote_category":0},"categories":[27],"tags":[],"yoast_head":"<!-- This site is optimized with the Yoast SEO plugin v20.2.1 - https:\/\/yoast.com\/wordpress\/plugins\/seo\/ -->\n<title>National Project Management Championship PMC 2026 - IPMA Serbia<\/title>\n<meta name=\"robots\" content=\"index, follow, max-snippet:-1, max-image-preview:large, max-video-preview:-1\" \/>\n<link rel=\"canonical\" href=\"https:\/\/ipma.rs\/en\/national-pm-championship-pmc-2026\/\" \/>\n<meta property=\"og:locale\" content=\"en_US\" \/>\n<meta property=\"og:type\" content=\"article\" \/>\n<meta property=\"og:title\" content=\"National Project Management Championship PMC 2026 - IPMA Serbia\" \/>\n<meta property=\"og:description\" content=\"The team from the Faculty of Organizational Sciences, University of Belgrade that will represent Serbia this year at the International Project Management Championship final in Athens consists of Jana Ceki\u0107, Du\u0161an Deli\u0107, and Stevan Kuli\u0107. The 11th National Project Management Championship PMC 2026 was held...\" \/>\n<meta property=\"og:url\" content=\"https:\/\/ipma.rs\/en\/national-pm-championship-pmc-2026\/\" \/>\n<meta property=\"og:site_name\" content=\"IPMA Serbia\" \/>\n<meta property=\"article:publisher\" content=\"https:\/\/www.facebook.com\/IPMASerbia\/\" \/>\n<meta property=\"article:published_time\" content=\"2026-04-30T06:41:09+00:00\" \/>\n<meta property=\"article:modified_time\" content=\"2026-04-30T06:49:40+00:00\" \/>\n<meta property=\"og:image\" content=\"https:\/\/ipma.rs\/wp-content\/uploads\/2026\/04\/feature-image-takmicenje.png\" \/>\n\t<meta property=\"og:image:width\" content=\"367\" \/>\n\t<meta property=\"og:image:height\" content=\"275\" \/>\n\t<meta property=\"og:image:type\" content=\"image\/png\" \/>\n<meta name=\"author\" content=\"Milica Simi\u0107\" \/>\n<meta name=\"twitter:card\" content=\"summary_large_image\" \/>\n<meta name=\"twitter:label1\" content=\"Written by\" \/>\n\t<meta name=\"twitter:data1\" content=\"Milica Simi\u0107\" \/>\n\t<meta name=\"twitter:label2\" content=\"Est. reading time\" \/>\n\t<meta name=\"twitter:data2\" content=\"2 minutes\" \/>\n<script type=\"application\/ld+json\" class=\"yoast-schema-graph\">{\"@context\":\"https:\/\/schema.org\",\"@graph\":[{\"@type\":\"Article\",\"@id\":\"https:\/\/ipma.rs\/en\/national-pm-championship-pmc-2026\/#article\",\"isPartOf\":{\"@id\":\"https:\/\/ipma.rs\/en\/national-pm-championship-pmc-2026\/\"},\"author\":{\"name\":\"Milica Simi\u0107\",\"@id\":\"https:\/\/ipma.rs\/en\/#\/schema\/person\/f9e231c34e593354b08e7c164fdcecda\"},\"headline\":\"National Project Management Championship PMC 2026\",\"datePublished\":\"2026-04-30T06:41:09+00:00\",\"dateModified\":\"2026-04-30T06:49:40+00:00\",\"mainEntityOfPage\":{\"@id\":\"https:\/\/ipma.rs\/en\/national-pm-championship-pmc-2026\/\"},\"wordCount\":474,\"publisher\":{\"@id\":\"https:\/\/ipma.rs\/en\/#organization\"},\"articleSection\":[\"News\"],\"inLanguage\":\"en-US\"},{\"@type\":\"WebPage\",\"@id\":\"https:\/\/ipma.rs\/en\/national-pm-championship-pmc-2026\/\",\"url\":\"https:\/\/ipma.rs\/en\/national-pm-championship-pmc-2026\/\",\"name\":\"National Project Management Championship PMC 2026 - IPMA Serbia\",\"isPartOf\":{\"@id\":\"https:\/\/ipma.rs\/en\/#website\"},\"datePublished\":\"2026-04-30T06:41:09+00:00\",\"dateModified\":\"2026-04-30T06:49:40+00:00\",\"breadcrumb\":{\"@id\":\"https:\/\/ipma.rs\/en\/national-pm-championship-pmc-2026\/#breadcrumb\"},\"inLanguage\":\"en-US\",\"potentialAction\":[{\"@type\":\"ReadAction\",\"target\":[\"https:\/\/ipma.rs\/en\/national-pm-championship-pmc-2026\/\"]}]},{\"@type\":\"BreadcrumbList\",\"@id\":\"https:\/\/ipma.rs\/en\/national-pm-championship-pmc-2026\/#breadcrumb\",\"itemListElement\":[{\"@type\":\"ListItem\",\"position\":1,\"name\":\"Home\",\"item\":\"https:\/\/ipma.rs\/en\/\"},{\"@type\":\"ListItem\",\"position\":2,\"name\":\"National Project Management Championship PMC 2026\"}]},{\"@type\":\"WebSite\",\"@id\":\"https:\/\/ipma.rs\/en\/#website\",\"url\":\"https:\/\/ipma.rs\/en\/\",\"name\":\"IPMA Serbia\",\"description\":\"Serbian Project Managemen Association\",\"publisher\":{\"@id\":\"https:\/\/ipma.rs\/en\/#organization\"},\"potentialAction\":[{\"@type\":\"SearchAction\",\"target\":{\"@type\":\"EntryPoint\",\"urlTemplate\":\"https:\/\/ipma.rs\/en\/?s={search_term_string}\"},\"query-input\":\"required name=search_term_string\"}],\"inLanguage\":\"en-US\"},{\"@type\":\"Organization\",\"@id\":\"https:\/\/ipma.rs\/en\/#organization\",\"name\":\"IPMA Srbija\",\"url\":\"https:\/\/ipma.rs\/en\/\",\"logo\":{\"@type\":\"ImageObject\",\"inLanguage\":\"en-US\",\"@id\":\"https:\/\/ipma.rs\/en\/#\/schema\/logo\/image\/\",\"url\":\"https:\/\/ipma.rs\/wp-content\/uploads\/2019\/10\/ipmalogo.jpg\",\"contentUrl\":\"https:\/\/ipma.rs\/wp-content\/uploads\/2019\/10\/ipmalogo.jpg\",\"width\":600,\"height\":172,\"caption\":\"IPMA Srbija\"},\"image\":{\"@id\":\"https:\/\/ipma.rs\/en\/#\/schema\/logo\/image\/\"},\"sameAs\":[\"https:\/\/www.facebook.com\/IPMASerbia\/\",\"https:\/\/www.instagram.com\/ipma.serbia\/\",\"https:\/\/www.linkedin.com\/company\/ipmaserbia\"]},{\"@type\":\"Person\",\"@id\":\"https:\/\/ipma.rs\/en\/#\/schema\/person\/f9e231c34e593354b08e7c164fdcecda\",\"name\":\"Milica Simi\u0107\",\"image\":{\"@type\":\"ImageObject\",\"inLanguage\":\"en-US\",\"@id\":\"https:\/\/ipma.rs\/en\/#\/schema\/person\/image\/\",\"url\":\"https:\/\/secure.gravatar.com\/avatar\/a4c247a217159f1765b3577f850af231?s=96&d=mm&r=g\",\"contentUrl\":\"https:\/\/secure.gravatar.com\/avatar\/a4c247a217159f1765b3577f850af231?s=96&d=mm&r=g\",\"caption\":\"Milica Simi\u0107\"}}]}<\/script>\n<!-- \/ Yoast SEO plugin. -->","yoast_head_json":{"title":"National Project Management Championship PMC 2026 - IPMA Serbia","robots":{"index":"index","follow":"follow","max-snippet":"max-snippet:-1","max-image-preview":"max-image-preview:large","max-video-preview":"max-video-preview:-1"},"canonical":"https:\/\/ipma.rs\/en\/national-pm-championship-pmc-2026\/","og_locale":"en_US","og_type":"article","og_title":"National Project Management Championship PMC 2026 - IPMA Serbia","og_description":"The team from the Faculty of Organizational Sciences, University of Belgrade that will represent Serbia this year at the International Project Management Championship final in Athens consists of Jana Ceki\u0107, Du\u0161an Deli\u0107, and Stevan Kuli\u0107. The 11th National Project Management Championship PMC 2026 was held...","og_url":"https:\/\/ipma.rs\/en\/national-pm-championship-pmc-2026\/","og_site_name":"IPMA Serbia","article_publisher":"https:\/\/www.facebook.com\/IPMASerbia\/","article_published_time":"2026-04-30T06:41:09+00:00","article_modified_time":"2026-04-30T06:49:40+00:00","og_image":[{"width":367,"height":275,"url":"https:\/\/ipma.rs\/wp-content\/uploads\/2026\/04\/feature-image-takmicenje.png","type":"image\/png"}],"author":"Milica Simi\u0107","twitter_card":"summary_large_image","twitter_misc":{"Written by":"Milica Simi\u0107","Est. reading time":"2 minutes"},"schema":{"@context":"https:\/\/schema.org","@graph":[{"@type":"Article","@id":"https:\/\/ipma.rs\/en\/national-pm-championship-pmc-2026\/#article","isPartOf":{"@id":"https:\/\/ipma.rs\/en\/national-pm-championship-pmc-2026\/"},"author":{"name":"Milica Simi\u0107","@id":"https:\/\/ipma.rs\/en\/#\/schema\/person\/f9e231c34e593354b08e7c164fdcecda"},"headline":"National Project Management Championship PMC 2026","datePublished":"2026-04-30T06:41:09+00:00","dateModified":"2026-04-30T06:49:40+00:00","mainEntityOfPage":{"@id":"https:\/\/ipma.rs\/en\/national-pm-championship-pmc-2026\/"},"wordCount":474,"publisher":{"@id":"https:\/\/ipma.rs\/en\/#organization"},"articleSection":["News"],"inLanguage":"en-US"},{"@type":"WebPage","@id":"https:\/\/ipma.rs\/en\/national-pm-championship-pmc-2026\/","url":"https:\/\/ipma.rs\/en\/national-pm-championship-pmc-2026\/","name":"National Project Management Championship PMC 2026 - IPMA Serbia","isPartOf":{"@id":"https:\/\/ipma.rs\/en\/#website"},"datePublished":"2026-04-30T06:41:09+00:00","dateModified":"2026-04-30T06:49:40+00:00","breadcrumb":{"@id":"https:\/\/ipma.rs\/en\/national-pm-championship-pmc-2026\/#breadcrumb"},"inLanguage":"en-US","potentialAction":[{"@type":"ReadAction","target":["https:\/\/ipma.rs\/en\/national-pm-championship-pmc-2026\/"]}]},{"@type":"BreadcrumbList","@id":"https:\/\/ipma.rs\/en\/national-pm-championship-pmc-2026\/#breadcrumb","itemListElement":[{"@type":"ListItem","position":1,"name":"Home","item":"https:\/\/ipma.rs\/en\/"},{"@type":"ListItem","position":2,"name":"National Project Management Championship PMC 2026"}]},{"@type":"WebSite","@id":"https:\/\/ipma.rs\/en\/#website","url":"https:\/\/ipma.rs\/en\/","name":"IPMA Serbia","description":"Serbian Project Managemen Association","publisher":{"@id":"https:\/\/ipma.rs\/en\/#organization"},"potentialAction":[{"@type":"SearchAction","target":{"@type":"EntryPoint","urlTemplate":"https:\/\/ipma.rs\/en\/?s={search_term_string}"},"query-input":"required name=search_term_string"}],"inLanguage":"en-US"},{"@type":"Organization","@id":"https:\/\/ipma.rs\/en\/#organization","name":"IPMA Srbija","url":"https:\/\/ipma.rs\/en\/","logo":{"@type":"ImageObject","inLanguage":"en-US","@id":"https:\/\/ipma.rs\/en\/#\/schema\/logo\/image\/","url":"https:\/\/ipma.rs\/wp-content\/uploads\/2019\/10\/ipmalogo.jpg","contentUrl":"https:\/\/ipma.rs\/wp-content\/uploads\/2019\/10\/ipmalogo.jpg","width":600,"height":172,"caption":"IPMA Srbija"},"image":{"@id":"https:\/\/ipma.rs\/en\/#\/schema\/logo\/image\/"},"sameAs":["https:\/\/www.facebook.com\/IPMASerbia\/","https:\/\/www.instagram.com\/ipma.serbia\/","https:\/\/www.linkedin.com\/company\/ipmaserbia"]},{"@type":"Person","@id":"https:\/\/ipma.rs\/en\/#\/schema\/person\/f9e231c34e593354b08e7c164fdcecda","name":"Milica Simi\u0107","image":{"@type":"ImageObject","inLanguage":"en-US","@id":"https:\/\/ipma.rs\/en\/#\/schema\/person\/image\/","url":"https:\/\/secure.gravatar.com\/avatar\/a4c247a217159f1765b3577f850af231?s=96&d=mm&r=g","contentUrl":"https:\/\/secure.gravatar.com\/avatar\/a4c247a217159f1765b3577f850af231?s=96&d=mm&r=g","caption":"Milica Simi\u0107"}}]}},"_links":{"self":[{"href":"https:\/\/ipma.rs\/en\/wp-json\/wp\/v2\/posts\/13182"}],"collection":[{"href":"https:\/\/ipma.rs\/en\/wp-json\/wp\/v2\/posts"}],"about":[{"href":"https:\/\/ipma.rs\/en\/wp-json\/wp\/v2\/types\/post"}],"author":[{"embeddable":true,"href":"https:\/\/ipma.rs\/en\/wp-json\/wp\/v2\/users\/18"}],"replies":[{"embeddable":true,"href":"https:\/\/ipma.rs\/en\/wp-json\/wp\/v2\/comments?post=13182"}],"version-history":[{"count":1,"href":"https:\/\/ipma.rs\/en\/wp-json\/wp\/v2\/posts\/13182\/revisions"}],"predecessor-version":[{"id":13183,"href":"https:\/\/ipma.rs\/en\/wp-json\/wp\/v2\/posts\/13182\/revisions\/13183"}],"wp:featuredmedia":[{"embeddable":true,"href":"https:\/\/ipma.rs\/en\/wp-json\/wp\/v2\/media\/13166"}],"wp:attachment":[{"href":"https:\/\/ipma.rs\/en\/wp-json\/wp\/v2\/media?parent=13182"}],"wp:term":[{"taxonomy":"category","embeddable":true,"href":"https:\/\/ipma.rs\/en\/wp-json\/wp\/v2\/categories?post=13182"},{"taxonomy":"post_tag","embeddable":true,"href":"https:\/\/ipma.rs\/en\/wp-json\/wp\/v2\/tags?post=13182"}],"curies":[{"name":"wp","href":"https:\/\/api.w.org\/{rel}","templated":true}]}}